{"id":3142,"date":"2025-07-31T17:10:22","date_gmt":"2025-07-31T20:10:22","guid":{"rendered":"https:\/\/aprendizes.org\/?p=3142"},"modified":"2025-07-31T17:14:43","modified_gmt":"2025-07-31T20:14:43","slug":"emocoes-e-saude-duplicate-3111","status":"publish","type":"post","link":"https:\/\/aprendizes.org\/?p=3142","title":{"rendered":"Desafio de Fazer o Certo"},"content":{"rendered":"\t\t<div data-elementor-type=\"wp-post\" data-elementor-id=\"3142\" class=\"elementor elementor-3142\" data-elementor-post-type=\"post\">\n\t\t\t\t<div class=\"elementor-element elementor-element-00da205 e-flex e-con-boxed e-con e-parent\" data-id=\"00da205\" data-element_type=\"container\" data-settings=\"{&quot;background_background&quot;:&quot;gradient&quot;}\">\n\t\t\t\t\t<div class=\"e-con-inner\">\n\t\t\t\t<div class=\"elementor-element elementor-element-e9863f7 elementor-widget elementor-widget-heading\" data-id=\"e9863f7\" data-element_type=\"widget\" data-widget_type=\"heading.default\">\n\t\t\t\t<div class=\"elementor-widget-container\">\n\t\t\t\t\t<h2 class=\"elementor-heading-title elementor-size-default\">Pergunta - 28\/07\/2025<\/h2>\t\t\t\t<\/div>\n\t\t\t\t<\/div>\n\t\t\t\t\t<\/div>\n\t\t\t\t<\/div>\n\t\t<div class=\"elementor-element elementor-element-8bf16a0 e-flex e-con-boxed e-con e-parent\" data-id=\"8bf16a0\" data-element_type=\"container\">\n\t\t\t\t\t<div class=\"e-con-inner\">\n\t\t<div class=\"elementor-element elementor-element-9e5225e e-con-full e-flex e-con e-child\" data-id=\"9e5225e\" data-element_type=\"container\">\n\t\t\t\t<div class=\"elementor-element elementor-element-3b67ec2 elementor-widget elementor-widget-text-editor\" data-id=\"3b67ec2\" data-element_type=\"widget\" data-widget_type=\"text-editor.default\">\n\t\t\t\t<div class=\"elementor-widget-container\">\n\t\t\t\t\t\t\t\t\t<p>Texto<\/p><p><strong>Pergunta:<\/strong><br \/><strong>Querida mentora, por que \u00e0s vezes fazer o certo nos parece ser errado? \u00c9 o ego morrendo dentro de n\u00f3s, que nos d\u00e1 uma sensa\u00e7\u00e3o?<\/strong><\/p><p><strong>Resposta:<\/strong><br \/><strong>Isso se d\u00e1 porque sua confian\u00e7a em suas convic\u00e7\u00f5es sobre certo e errado ainda s\u00e3o muito vacilantes.<\/strong><br \/><strong>N\u00e3o est\u00e3o s\u00f3lidas suas convic\u00e7\u00f5es. Voc\u00ea ainda as paquera com medo de comprometer-se, pois teme as consequ\u00eancias. Para se fazer o certo, \u00e9 necess\u00e1rio pagar um pre\u00e7o, o pre\u00e7o de contrariar a grande maioria, o pre\u00e7o do risco de cair em descredibilidade. O certo exige coisas de n\u00f3s, de jejua exigiu a vida.<\/strong><\/p><p><strong>A casa ainda n\u00e3o foi constru\u00edda sobre a rocha s\u00f3lida. Para criar essa convic\u00e7\u00e3o \u00e9 necess\u00e1rio energia e vontade. \u00c9 tamb\u00e9m um muro a ser transposto.<\/strong><\/p><p><strong>Em \u00e9pocas de calmaria o homem relaxa sua vontade e seus esfor\u00e7os, esse \u00e9 o caso. Mas veja, \u00e9 prefer\u00edvel aproveitar esse tempo para fazer surgir a luz dentro de ti que esperar os sofrimentos evocarem essa vontade pela for\u00e7a do constrangimento.<\/strong><\/p><p><strong>\u00c9 m\u00e9rito maior fazer o bem e defender o certo, quando n\u00e3o somos dobrados a reconhecer isso.<\/strong><\/p><p><strong>Deus da tempo para abrirmos nossos olhos, e quando insistimos em n\u00e3o abrir ou negligenciamos nossos esfor\u00e7os, pagamos o pre\u00e7o de trope\u00e7armos nas nossas fragilidades.<\/strong><\/p><p><strong>&#8211; M\u00e9dium: T. Silva<\/strong><\/p>\t\t\t\t\t\t\t\t<\/div>\n\t\t\t\t<\/div>\n\t\t\t\t<\/div>\n\t\t<div class=\"elementor-element elementor-element-7dd254d e-con-full e-flex e-con e-child\" data-id=\"7dd254d\" data-element_type=\"container\">\n\t\t\t\t<div class=\"elementor-element elementor-element-c930b3b elementor-widget elementor-widget-image\" data-id=\"c930b3b\" data-element_type=\"widget\" data-widget_type=\"image.default\">\n\t\t\t\t<div class=\"elementor-widget-container\">\n\t\t\t\t\t\t\t\t\t\t\t\t\t\t\t<img fetchpriority=\"high\" decoding=\"async\" width=\"779\" height=\"1024\" src=\"https:\/\/aprendizes.org\/wp-content\/uploads\/2025\/07\/IMG-20250728-WA0015-779x1024.jpeg\" class=\"attachment-large size-large wp-image-3146\" alt=\"\" srcset=\"https:\/\/aprendizes.org\/wp-content\/uploads\/2025\/07\/IMG-20250728-WA0015-779x1024.jpeg 779w, https:\/\/aprendizes.org\/wp-content\/uploads\/2025\/07\/IMG-20250728-WA0015-228x300.jpeg 228w, https:\/\/aprendizes.org\/wp-content\/uploads\/2025\/07\/IMG-20250728-WA0015-768x1010.jpeg 768w, https:\/\/aprendizes.org\/wp-content\/uploads\/2025\/07\/IMG-20250728-WA0015-1168x1536.jpeg 1168w, https:\/\/aprendizes.org\/wp-content\/uploads\/2025\/07\/IMG-20250728-WA0015-1558x2048.jpeg 1558w, https:\/\/aprendizes.org\/wp-content\/uploads\/2025\/07\/IMG-20250728-WA0015-scaled.jpeg 1947w\" sizes=\"(max-width: 779px) 100vw, 779px\" \/>\t\t\t\t\t\t\t\t\t\t\t\t\t\t\t<\/div>\n\t\t\t\t<\/div>\n\t\t\t\t<\/div>\n\t\t<div class=\"elementor-element elementor-element-560b076 e-con-full e-flex e-con e-child\" data-id=\"560b076\" data-element_type=\"container\" data-settings=\"{&quot;background_background&quot;:&quot;gradient&quot;}\">\n\t\t\t\t<div class=\"elementor-element elementor-element-df705b2 elementor-widget elementor-widget-text-editor\" data-id=\"df705b2\" data-element_type=\"widget\" data-widget_type=\"text-editor.default\">\n\t\t\t\t<div class=\"elementor-widget-container\">\n\t\t\t\t\t\t\t\t\t<p style=\"text-align: center;\">Esclarecimento essencial. &#8220;A mediunidade se ressente das imperfei\u00e7\u00f5es do M\u00e9dium&#8221;. Nossas comunica\u00e7\u00f5es n\u00e3o s\u00e3o perfeitas e nem sempre s\u00e3o totalmente claras precisando muitas vezes passar por corre\u00e7\u00f5es e ajustes, pois nossos M\u00e9diuns est\u00e3o em desenvolvimento e n\u00e3o existe mediunidade perfeita. N\u00e3o as compartilhamos como verdades absolutas, mas como um artigo de f\u00e9 do nosso grupo com o objetivo de consolar, e como um material de estudo sobre o ensino dos <em>esp\u00edritos.<\/em> Pedimos que julguem sim, mas com bondade no julgar.<\/p>\t\t\t\t\t\t\t\t<\/div>\n\t\t\t\t<\/div>\n\t\t\t\t<\/div>\n\t\t\t\t\t<\/div>\n\t\t\t\t<\/div>\n\t\t\t\t<\/div>\n\t\t","protected":false},"excerpt":{"rendered":"<p>&#8230;Para se fazer o certo, \u00e9 necess\u00e1rio pagar um pre\u00e7o, o pre\u00e7o&#8230;<\/p>\n","protected":false},"author":1,"featured_media":3146,"comment_status":"open","ping_status":"open","sticky":false,"template":"","format":"standard","meta":{"footnotes":""},"categories":[9],"tags":[],"class_list":["post-3142","post","type-post","status-publish","format-standard","has-post-thumbnail","hentry","category-psgf"],"_links":{"self":[{"href":"https:\/\/aprendizes.org\/index.php?rest_route=\/wp\/v2\/posts\/3142","targetHints":{"allow":["GET"]}}],"collection":[{"href":"https:\/\/aprendizes.org\/index.php?rest_route=\/wp\/v2\/posts"}],"about":[{"href":"https:\/\/aprendizes.org\/index.php?rest_route=\/wp\/v2\/types\/post"}],"author":[{"embeddable":true,"href":"https:\/\/aprendizes.org\/index.php?rest_route=\/wp\/v2\/users\/1"}],"replies":[{"embeddable":true,"href":"https:\/\/aprendizes.org\/index.php?rest_route=%2Fwp%2Fv2%2Fcomments&post=3142"}],"version-history":[{"count":9,"href":"https:\/\/aprendizes.org\/index.php?rest_route=\/wp\/v2\/posts\/3142\/revisions"}],"predecessor-version":[{"id":3152,"href":"https:\/\/aprendizes.org\/index.php?rest_route=\/wp\/v2\/posts\/3142\/revisions\/3152"}],"wp:featuredmedia":[{"embeddable":true,"href":"https:\/\/aprendizes.org\/index.php?rest_route=\/wp\/v2\/media\/3146"}],"wp:attachment":[{"href":"https:\/\/aprendizes.org\/index.php?rest_route=%2Fwp%2Fv2%2Fmedia&parent=3142"}],"wp:term":[{"taxonomy":"category","embeddable":true,"href":"https:\/\/aprendizes.org\/index.php?rest_route=%2Fwp%2Fv2%2Fcategories&post=3142"},{"taxonomy":"post_tag","embeddable":true,"href":"https:\/\/aprendizes.org\/index.php?rest_route=%2Fwp%2Fv2%2Ftags&post=3142"}],"curies":[{"name":"wp","href":"https:\/\/api.w.org\/{rel}","templated":true}]}}