{"id":3099,"date":"2025-07-27T13:03:28","date_gmt":"2025-07-27T16:03:28","guid":{"rendered":"https:\/\/aprendizes.org\/?p=3099"},"modified":"2025-07-27T13:03:59","modified_gmt":"2025-07-27T16:03:59","slug":"inverno-e-emocoes","status":"publish","type":"post","link":"https:\/\/aprendizes.org\/?p=3099","title":{"rendered":"Inverno e Emo\u00e7\u00f5es"},"content":{"rendered":"\t\t<div data-elementor-type=\"wp-post\" data-elementor-id=\"3099\" class=\"elementor elementor-3099\" data-elementor-post-type=\"post\">\n\t\t\t\t<div class=\"elementor-element elementor-element-00da205 e-flex e-con-boxed e-con e-parent\" data-id=\"00da205\" data-element_type=\"container\" data-settings=\"{&quot;background_background&quot;:&quot;gradient&quot;}\">\n\t\t\t\t\t<div class=\"e-con-inner\">\n\t\t\t\t<div class=\"elementor-element elementor-element-e9863f7 elementor-widget elementor-widget-heading\" data-id=\"e9863f7\" data-element_type=\"widget\" data-widget_type=\"heading.default\">\n\t\t\t\t<div class=\"elementor-widget-container\">\n\t\t\t\t\t<h2 class=\"elementor-heading-title elementor-size-default\">Espont\u00e2nea - 16\/06\/2025<\/h2>\t\t\t\t<\/div>\n\t\t\t\t<\/div>\n\t\t\t\t\t<\/div>\n\t\t\t\t<\/div>\n\t\t<div class=\"elementor-element elementor-element-8bf16a0 e-flex e-con-boxed e-con e-parent\" data-id=\"8bf16a0\" data-element_type=\"container\">\n\t\t\t\t\t<div class=\"e-con-inner\">\n\t\t<div class=\"elementor-element elementor-element-9e5225e e-con-full e-flex e-con e-child\" data-id=\"9e5225e\" data-element_type=\"container\">\n\t\t\t\t<div class=\"elementor-element elementor-element-3b67ec2 elementor-widget elementor-widget-text-editor\" data-id=\"3b67ec2\" data-element_type=\"widget\" data-widget_type=\"text-editor.default\">\n\t\t\t\t<div class=\"elementor-widget-container\">\n\t\t\t\t\t\t\t\t\t<p>Texto:<\/p><p><strong>Filhos e filhas,<\/strong><br \/><strong>O inverno \u00e9 \u00e9poca de colheita. Colher o que plantamos para atravessarmos esse per\u00edodo abastecido.<\/strong><\/p><p><strong>Vejam, o inverno \u00e9 um per\u00edodo em que os pensamentos ficam mais obscuros, e os sentimentos mais intensos. Nesse per\u00edodo voc\u00eas se tornam mais sens\u00edveis e mais propensos a desequil\u00edbrios emocionais e f\u00edsicos. As doen\u00e7as que surgem nesse per\u00edodo s\u00e3o frutos daquele que n\u00e3o cultivou a paz, h\u00e1 exce\u00e7\u00f5es.<\/strong><\/p><p><strong>Nesse per\u00edodo redobrem suas preces. Vigiem a mente e o cora\u00e7\u00e3o. \u00c9 uma boa \u00e9poca para exercitar o controle sobre a mente. Nesse per\u00edodo fica mais clara quem \u00e9 dono de sua mente e sentimentos e quem \u00e9 servo da mente e sentimentos.<\/strong><\/p><p><strong>Aproveitem em paz. Tamb\u00e9m \u00e9 \u00e9poca de crescimento.<\/strong><\/p><p><strong>Balthazar<\/strong><\/p><p><strong>&#8211; M\u00e9dium: T. Silva<\/strong><\/p>\t\t\t\t\t\t\t\t<\/div>\n\t\t\t\t<\/div>\n\t\t\t\t<\/div>\n\t\t<div class=\"elementor-element elementor-element-7dd254d e-con-full e-flex e-con e-child\" data-id=\"7dd254d\" data-element_type=\"container\">\n\t\t\t\t<div class=\"elementor-element elementor-element-c930b3b elementor-widget elementor-widget-image\" data-id=\"c930b3b\" data-element_type=\"widget\" data-widget_type=\"image.default\">\n\t\t\t\t<div class=\"elementor-widget-container\">\n\t\t\t\t\t\t\t\t\t\t\t\t\t\t\t<img fetchpriority=\"high\" decoding=\"async\" width=\"774\" height=\"1024\" src=\"https:\/\/aprendizes.org\/wp-content\/uploads\/2025\/07\/20250616_204514-774x1024.jpg\" class=\"attachment-large size-large wp-image-3103\" alt=\"\" srcset=\"https:\/\/aprendizes.org\/wp-content\/uploads\/2025\/07\/20250616_204514-774x1024.jpg 774w, https:\/\/aprendizes.org\/wp-content\/uploads\/2025\/07\/20250616_204514-227x300.jpg 227w, https:\/\/aprendizes.org\/wp-content\/uploads\/2025\/07\/20250616_204514-768x1016.jpg 768w, https:\/\/aprendizes.org\/wp-content\/uploads\/2025\/07\/20250616_204514-1161x1536.jpg 1161w, https:\/\/aprendizes.org\/wp-content\/uploads\/2025\/07\/20250616_204514-1548x2048.jpg 1548w, https:\/\/aprendizes.org\/wp-content\/uploads\/2025\/07\/20250616_204514-scaled.jpg 1935w\" sizes=\"(max-width: 774px) 100vw, 774px\" \/>\t\t\t\t\t\t\t\t\t\t\t\t\t\t\t<\/div>\n\t\t\t\t<\/div>\n\t\t\t\t<\/div>\n\t\t<div class=\"elementor-element elementor-element-560b076 e-con-full e-flex e-con e-child\" data-id=\"560b076\" data-element_type=\"container\" data-settings=\"{&quot;background_background&quot;:&quot;gradient&quot;}\">\n\t\t\t\t<div class=\"elementor-element elementor-element-df705b2 elementor-widget elementor-widget-text-editor\" data-id=\"df705b2\" data-element_type=\"widget\" data-widget_type=\"text-editor.default\">\n\t\t\t\t<div class=\"elementor-widget-container\">\n\t\t\t\t\t\t\t\t\t<p style=\"text-align: center;\">Esclarecimento essencial. &#8220;A mediunidade se ressente das imperfei\u00e7\u00f5es do M\u00e9dium&#8221;. Nossas comunica\u00e7\u00f5es n\u00e3o s\u00e3o perfeitas e nem sempre s\u00e3o totalmente claras precisando muitas vezes passar por corre\u00e7\u00f5es e ajustes, pois nossos M\u00e9diuns est\u00e3o em desenvolvimento e n\u00e3o existe mediunidade perfeita. N\u00e3o as compartilhamos como verdades absolutas, mas como um artigo de f\u00e9 do nosso grupo com o objetivo de consolar, e como um material de estudo sobre o ensino dos <em>esp\u00edritos.<\/em> Pedimos que julguem sim, mas com bondade no julgar.<\/p>\t\t\t\t\t\t\t\t<\/div>\n\t\t\t\t<\/div>\n\t\t\t\t<\/div>\n\t\t\t\t\t<\/div>\n\t\t\t\t<\/div>\n\t\t\t\t<\/div>\n\t\t","protected":false},"excerpt":{"rendered":"<p>&#8230;Nesse per\u00edodo voc\u00eas se tornam mais sens\u00edveis e mais propensos a desequil\u00edbrios emocionais e f\u00edsicos&#8230;&#8230;<\/p>\n","protected":false},"author":1,"featured_media":3103,"comment_status":"open","ping_status":"open","sticky":false,"template":"","format":"standard","meta":{"footnotes":""},"categories":[9],"tags":[],"class_list":["post-3099","post","type-post","status-publish","format-standard","has-post-thumbnail","hentry","category-psgf"],"_links":{"self":[{"href":"https:\/\/aprendizes.org\/index.php?rest_route=\/wp\/v2\/posts\/3099","targetHints":{"allow":["GET"]}}],"collection":[{"href":"https:\/\/aprendizes.org\/index.php?rest_route=\/wp\/v2\/posts"}],"about":[{"href":"https:\/\/aprendizes.org\/index.php?rest_route=\/wp\/v2\/types\/post"}],"author":[{"embeddable":true,"href":"https:\/\/aprendizes.org\/index.php?rest_route=\/wp\/v2\/users\/1"}],"replies":[{"embeddable":true,"href":"https:\/\/aprendizes.org\/index.php?rest_route=%2Fwp%2Fv2%2Fcomments&post=3099"}],"version-history":[{"count":10,"href":"https:\/\/aprendizes.org\/index.php?rest_route=\/wp\/v2\/posts\/3099\/revisions"}],"predecessor-version":[{"id":3110,"href":"https:\/\/aprendizes.org\/index.php?rest_route=\/wp\/v2\/posts\/3099\/revisions\/3110"}],"wp:featuredmedia":[{"embeddable":true,"href":"https:\/\/aprendizes.org\/index.php?rest_route=\/wp\/v2\/media\/3103"}],"wp:attachment":[{"href":"https:\/\/aprendizes.org\/index.php?rest_route=%2Fwp%2Fv2%2Fmedia&parent=3099"}],"wp:term":[{"taxonomy":"category","embeddable":true,"href":"https:\/\/aprendizes.org\/index.php?rest_route=%2Fwp%2Fv2%2Fcategories&post=3099"},{"taxonomy":"post_tag","embeddable":true,"href":"https:\/\/aprendizes.org\/index.php?rest_route=%2Fwp%2Fv2%2Ftags&post=3099"}],"curies":[{"name":"wp","href":"https:\/\/api.w.org\/{rel}","templated":true}]}}