{"id":3045,"date":"2025-07-24T18:17:22","date_gmt":"2025-07-24T21:17:22","guid":{"rendered":"https:\/\/aprendizes.org\/?p=3045"},"modified":"2025-07-27T12:14:58","modified_gmt":"2025-07-27T15:14:58","slug":"sobre-mediunidade","status":"publish","type":"post","link":"https:\/\/aprendizes.org\/?p=3045","title":{"rendered":"Sobre Mediunidade"},"content":{"rendered":"\t\t<div data-elementor-type=\"wp-post\" data-elementor-id=\"3045\" class=\"elementor elementor-3045\" data-elementor-post-type=\"post\">\n\t\t\t\t<div class=\"elementor-element elementor-element-00da205 e-flex e-con-boxed e-con e-parent\" data-id=\"00da205\" data-element_type=\"container\" data-settings=\"{&quot;background_background&quot;:&quot;gradient&quot;}\">\n\t\t\t\t\t<div class=\"e-con-inner\">\n\t\t\t\t<div class=\"elementor-element elementor-element-e9863f7 elementor-widget elementor-widget-heading\" data-id=\"e9863f7\" data-element_type=\"widget\" data-widget_type=\"heading.default\">\n\t\t\t\t<div class=\"elementor-widget-container\">\n\t\t\t\t\t<h2 class=\"elementor-heading-title elementor-size-default\">Pergunta - 21\/07\/2025<\/h2>\t\t\t\t<\/div>\n\t\t\t\t<\/div>\n\t\t\t\t\t<\/div>\n\t\t\t\t<\/div>\n\t\t<div class=\"elementor-element elementor-element-8bf16a0 e-flex e-con-boxed e-con e-parent\" data-id=\"8bf16a0\" data-element_type=\"container\">\n\t\t\t\t\t<div class=\"e-con-inner\">\n\t\t<div class=\"elementor-element elementor-element-9e5225e e-con-full e-flex e-con e-child\" data-id=\"9e5225e\" data-element_type=\"container\">\n\t\t\t\t<div class=\"elementor-element elementor-element-3b67ec2 elementor-widget elementor-widget-text-editor\" data-id=\"3b67ec2\" data-element_type=\"widget\" data-widget_type=\"text-editor.default\">\n\t\t\t\t<div class=\"elementor-widget-container\">\n\t\t\t\t\t\t\t\t\t<p>Texto:<\/p><p><em><strong>Pergunta: Tenho sentido uma presen\u00e7a espiritual masculina, porem tenho tido uma sensa\u00e7\u00e3o de medo, o que fazer?<\/strong><\/em><\/p><p><em><strong>Resposta: <\/strong><\/em><em><strong>Habituar-se, filha.<\/strong><\/em><br \/><em><strong>Isso \u00e9 um exerc\u00edcio. O passo atual \u00e9 discernir sobre quais temores nascem da sua mente pouco habituada e quais est\u00e3o sendo transmitidos pelo esp\u00edrito. Conforme, desenvolver-se mais comumente perceber\u00e1 os esp\u00edritos. No primeiro momento a apreens\u00e3o \u00e9 normal, mas habituar-se-a aos poucos e come\u00e7ar\u00e1 a discernir.<\/strong><\/em><\/p><p><em><strong>Os esp\u00edritos j\u00e1 est\u00e3o a\u00ed e na verdade voc\u00ea j\u00e1 os percebia, mas a f\u00e9 fraca a distrai daquilo que sua mente insinua como loucura. A f\u00e9 t\u00edmida se torna uma muralha contra a percep\u00e7\u00e3o dos esp\u00edritos. \u00c9 um muro que deve ser transposto \u2014 e s\u00f3 pode assim ser com energia e decis\u00e3o.<\/strong><\/em><\/p><p><em><strong>Mas a vis\u00e3o al\u00e9m do muro \u00e9 bela. \u00c9 um entreolhar da vida verdadeira infinitamente povoada de personalidades e coordenada pelas almas luminosas e generosas. Essa vida urge por iniciar-se. Urge por sair do bot\u00e3o a flor, da semente a folha ambas na escurid\u00e3o.<\/strong><\/em><\/p><p><em><strong>N\u00e3o tema. Abrace.<\/strong><\/em><\/p><p><em><strong>Irma Clara<\/strong><\/em><\/p><p><strong>M\u00e9dium: T. Silva.<\/strong><\/p>\t\t\t\t\t\t\t\t<\/div>\n\t\t\t\t<\/div>\n\t\t\t\t<\/div>\n\t\t<div class=\"elementor-element elementor-element-7dd254d e-con-full e-flex e-con e-child\" data-id=\"7dd254d\" data-element_type=\"container\">\n\t\t\t\t<div class=\"elementor-element elementor-element-c930b3b elementor-widget elementor-widget-image\" data-id=\"c930b3b\" data-element_type=\"widget\" data-widget_type=\"image.default\">\n\t\t\t\t<div class=\"elementor-widget-container\">\n\t\t\t\t\t\t\t\t\t\t\t\t\t\t\t<img fetchpriority=\"high\" decoding=\"async\" width=\"755\" height=\"1024\" src=\"https:\/\/aprendizes.org\/wp-content\/uploads\/2025\/07\/IMG-20250721-WA0043-755x1024.jpeg\" class=\"attachment-large size-large wp-image-3047\" alt=\"\" srcset=\"https:\/\/aprendizes.org\/wp-content\/uploads\/2025\/07\/IMG-20250721-WA0043-755x1024.jpeg 755w, https:\/\/aprendizes.org\/wp-content\/uploads\/2025\/07\/IMG-20250721-WA0043-221x300.jpeg 221w, https:\/\/aprendizes.org\/wp-content\/uploads\/2025\/07\/IMG-20250721-WA0043-768x1042.jpeg 768w, https:\/\/aprendizes.org\/wp-content\/uploads\/2025\/07\/IMG-20250721-WA0043-1133x1536.jpeg 1133w, https:\/\/aprendizes.org\/wp-content\/uploads\/2025\/07\/IMG-20250721-WA0043-1510x2048.jpeg 1510w, https:\/\/aprendizes.org\/wp-content\/uploads\/2025\/07\/IMG-20250721-WA0043-scaled.jpeg 1888w\" sizes=\"(max-width: 755px) 100vw, 755px\" \/>\t\t\t\t\t\t\t\t\t\t\t\t\t\t\t<\/div>\n\t\t\t\t<\/div>\n\t\t\t\t<\/div>\n\t\t<div class=\"elementor-element elementor-element-560b076 e-con-full e-flex e-con e-child\" data-id=\"560b076\" data-element_type=\"container\" data-settings=\"{&quot;background_background&quot;:&quot;gradient&quot;}\">\n\t\t\t\t<div class=\"elementor-element elementor-element-df705b2 elementor-widget elementor-widget-text-editor\" data-id=\"df705b2\" data-element_type=\"widget\" data-widget_type=\"text-editor.default\">\n\t\t\t\t<div class=\"elementor-widget-container\">\n\t\t\t\t\t\t\t\t\t<p style=\"text-align: center;\">Esclarecimento essencial. &#8220;A mediunidade se ressente das imperfei\u00e7\u00f5es do M\u00e9dium&#8221;. Nossas comunica\u00e7\u00f5es n\u00e3o s\u00e3o perfeitas e nem sempre s\u00e3o totalmente claras precisando muitas vezes passar por corre\u00e7\u00f5es e ajustes, pois nossos M\u00e9diuns est\u00e3o em desenvolvimento e n\u00e3o existe mediunidade perfeita. N\u00e3o as compartilhamos como verdades absolutas, mas como um artigo de f\u00e9 do nosso grupo com o objetivo de consolar, e como um material de estudo sobre o ensino dos <em>esp\u00edritos.<\/em> Pedimos que julguem sim, mas com bondade no julgar.<\/p>\t\t\t\t\t\t\t\t<\/div>\n\t\t\t\t<\/div>\n\t\t\t\t<\/div>\n\t\t\t\t\t<\/div>\n\t\t\t\t<\/div>\n\t\t\t\t<\/div>\n\t\t","protected":false},"excerpt":{"rendered":"<p>&#8230;A f\u00e9 t\u00edmida se torna uma muralha contra a percep\u00e7\u00e3o dos esp\u00edritos&#8230;.<\/p>\n","protected":false},"author":1,"featured_media":3047,"comment_status":"open","ping_status":"open","sticky":false,"template":"","format":"standard","meta":{"footnotes":""},"categories":[9],"tags":[],"class_list":["post-3045","post","type-post","status-publish","format-standard","has-post-thumbnail","hentry","category-psgf"],"_links":{"self":[{"href":"https:\/\/aprendizes.org\/index.php?rest_route=\/wp\/v2\/posts\/3045","targetHints":{"allow":["GET"]}}],"collection":[{"href":"https:\/\/aprendizes.org\/index.php?rest_route=\/wp\/v2\/posts"}],"about":[{"href":"https:\/\/aprendizes.org\/index.php?rest_route=\/wp\/v2\/types\/post"}],"author":[{"embeddable":true,"href":"https:\/\/aprendizes.org\/index.php?rest_route=\/wp\/v2\/users\/1"}],"replies":[{"embeddable":true,"href":"https:\/\/aprendizes.org\/index.php?rest_route=%2Fwp%2Fv2%2Fcomments&post=3045"}],"version-history":[{"count":11,"href":"https:\/\/aprendizes.org\/index.php?rest_route=\/wp\/v2\/posts\/3045\/revisions"}],"predecessor-version":[{"id":3077,"href":"https:\/\/aprendizes.org\/index.php?rest_route=\/wp\/v2\/posts\/3045\/revisions\/3077"}],"wp:featuredmedia":[{"embeddable":true,"href":"https:\/\/aprendizes.org\/index.php?rest_route=\/wp\/v2\/media\/3047"}],"wp:attachment":[{"href":"https:\/\/aprendizes.org\/index.php?rest_route=%2Fwp%2Fv2%2Fmedia&parent=3045"}],"wp:term":[{"taxonomy":"category","embeddable":true,"href":"https:\/\/aprendizes.org\/index.php?rest_route=%2Fwp%2Fv2%2Fcategories&post=3045"},{"taxonomy":"post_tag","embeddable":true,"href":"https:\/\/aprendizes.org\/index.php?rest_route=%2Fwp%2Fv2%2Ftags&post=3045"}],"curies":[{"name":"wp","href":"https:\/\/api.w.org\/{rel}","templated":true}]}}