{"id":2936,"date":"2025-07-23T18:39:17","date_gmt":"2025-07-23T21:39:17","guid":{"rendered":"https:\/\/aprendizes.org\/?p=2936"},"modified":"2025-07-27T12:33:06","modified_gmt":"2025-07-27T15:33:06","slug":"sobre-depressao","status":"publish","type":"post","link":"https:\/\/aprendizes.org\/?p=2936","title":{"rendered":"Sobre Depress\u00e3o"},"content":{"rendered":"\t\t<div data-elementor-type=\"wp-post\" data-elementor-id=\"2936\" class=\"elementor elementor-2936\" data-elementor-post-type=\"post\">\n\t\t\t\t<div class=\"elementor-element elementor-element-00da205 e-flex e-con-boxed e-con e-parent\" data-id=\"00da205\" data-element_type=\"container\" data-settings=\"{&quot;background_background&quot;:&quot;gradient&quot;}\">\n\t\t\t\t\t<div class=\"e-con-inner\">\n\t\t\t\t<div class=\"elementor-element elementor-element-e9863f7 elementor-widget elementor-widget-heading\" data-id=\"e9863f7\" data-element_type=\"widget\" data-widget_type=\"heading.default\">\n\t\t\t\t<div class=\"elementor-widget-container\">\n\t\t\t\t\t<h2 class=\"elementor-heading-title elementor-size-default\">Espont\u00e2nea - 07\/07\/2025<\/h2>\t\t\t\t<\/div>\n\t\t\t\t<\/div>\n\t\t\t\t\t<\/div>\n\t\t\t\t<\/div>\n\t\t<div class=\"elementor-element elementor-element-8bf16a0 e-flex e-con-boxed e-con e-parent\" data-id=\"8bf16a0\" data-element_type=\"container\">\n\t\t\t\t\t<div class=\"e-con-inner\">\n\t\t<div class=\"elementor-element elementor-element-9e5225e e-con-full e-flex e-con e-child\" data-id=\"9e5225e\" data-element_type=\"container\">\n\t\t\t\t<div class=\"elementor-element elementor-element-3b67ec2 elementor-widget elementor-widget-text-editor\" data-id=\"3b67ec2\" data-element_type=\"widget\" data-widget_type=\"text-editor.default\">\n\t\t\t\t<div class=\"elementor-widget-container\">\n\t\t\t\t\t\t\t\t\t<p>Texto:<\/p><p><strong><em>Melancolia \u00e9 um adoecimento cruel, sabemos. \u00c9 uma ferida viva na alma ardendo em brasa, mas a ferida de quem foi ferido ainda guarda em si uma Justi\u00e7a, pois \u00e9 mais justo sofrer que fazer sofrer. O que foi lesado ainda encontra na vida muitos momentos de al\u00edvio e consola\u00e7\u00e3o e guarda em si a semente da cura da pr\u00f3pria situa\u00e7\u00e3o a germinar no tempo certo.<\/em><\/strong><\/p><p><strong><em>Agora, ai daquele que feriu. Esse sim \u00e9 digno de muita prece, pois esse marcou a pr\u00f3pria consci\u00eancia com ferro incandescente. Esse n\u00e3o tem al\u00edvios ou consola\u00e7\u00f5es, n\u00e3o tenha onde ir, pois onde estiver sua consci\u00eancia estar\u00e1. Nem mesmo as paix\u00f5es e os excessos ser\u00e3o suficientes para distra\u00ed-lo de si. Esse que tenta negar os pr\u00f3prios crimes caminha para a pr\u00f3pria destrui\u00e7\u00e3o.<\/em><\/strong><\/p><p><strong><em>E a semente da sua cura, filha, \u00e9 pagar esse mal com o amor. Perdoe e encontrar\u00e1 a paz<\/em><\/strong><\/p><p><strong><em>Um Esp\u00edrito Familiar!<\/em><\/strong><\/p><p><strong>M\u00e9dium: T. Silva.\u00a0<\/strong><\/p>\t\t\t\t\t\t\t\t<\/div>\n\t\t\t\t<\/div>\n\t\t\t\t<div class=\"elementor-element elementor-element-0d0dd09 elementor-widget elementor-widget-text-editor\" data-id=\"0d0dd09\" data-element_type=\"widget\" data-widget_type=\"text-editor.default\">\n\t\t\t\t<div class=\"elementor-widget-container\">\n\t\t\t\t\t\t\t\t\t<p>Essa psicografia veio em condi\u00e7\u00f5es particulares. Ap\u00f3s o t\u00e9rmino do estudo quando \u00edamos ler as psicografias e acredit\u00e1vamos termos terminado os trabalhos naquele dia um esp\u00edrito se aproximou do m\u00e9dium insistindo por se comunicar. Com a concord\u00e2ncia do grupo permitimos que a comunica\u00e7\u00e3o viesse e recebemos essa carta. Nesse dia estava presente uma pessoa que nunca havia vindo ao nosso trabalho, era sua primeira vez, e ela sofria com um processo de Depress\u00e3o. Ela se comoveu muito e se identificou muito com a mensagem e assim conclu\u00edmos que a mensagem j\u00e1 estava destinada a ela.<\/p>\t\t\t\t\t\t\t\t<\/div>\n\t\t\t\t<\/div>\n\t\t\t\t<\/div>\n\t\t<div class=\"elementor-element elementor-element-7dd254d e-con-full e-flex e-con e-child\" data-id=\"7dd254d\" data-element_type=\"container\">\n\t\t\t\t<div class=\"elementor-element elementor-element-c930b3b elementor-widget elementor-widget-image\" data-id=\"c930b3b\" data-element_type=\"widget\" data-widget_type=\"image.default\">\n\t\t\t\t<div class=\"elementor-widget-container\">\n\t\t\t\t\t\t\t\t\t\t\t\t\t\t\t<img fetchpriority=\"high\" decoding=\"async\" width=\"759\" height=\"1024\" src=\"https:\/\/aprendizes.org\/wp-content\/uploads\/2025\/07\/Imagem-do-WhatsApp-de-2025-07-09-as-07.05.05_910e6f2a-759x1024.jpg\" class=\"attachment-large size-large wp-image-2943\" alt=\"\" srcset=\"https:\/\/aprendizes.org\/wp-content\/uploads\/2025\/07\/Imagem-do-WhatsApp-de-2025-07-09-as-07.05.05_910e6f2a-759x1024.jpg 759w, https:\/\/aprendizes.org\/wp-content\/uploads\/2025\/07\/Imagem-do-WhatsApp-de-2025-07-09-as-07.05.05_910e6f2a-222x300.jpg 222w, https:\/\/aprendizes.org\/wp-content\/uploads\/2025\/07\/Imagem-do-WhatsApp-de-2025-07-09-as-07.05.05_910e6f2a-768x1036.jpg 768w, https:\/\/aprendizes.org\/wp-content\/uploads\/2025\/07\/Imagem-do-WhatsApp-de-2025-07-09-as-07.05.05_910e6f2a.jpg 949w\" sizes=\"(max-width: 759px) 100vw, 759px\" \/>\t\t\t\t\t\t\t\t\t\t\t\t\t\t\t<\/div>\n\t\t\t\t<\/div>\n\t\t\t\t<\/div>\n\t\t<div class=\"elementor-element elementor-element-560b076 e-con-full e-flex e-con e-child\" data-id=\"560b076\" data-element_type=\"container\" data-settings=\"{&quot;background_background&quot;:&quot;gradient&quot;}\">\n\t\t\t\t<div class=\"elementor-element elementor-element-df705b2 elementor-widget elementor-widget-text-editor\" data-id=\"df705b2\" data-element_type=\"widget\" data-widget_type=\"text-editor.default\">\n\t\t\t\t<div class=\"elementor-widget-container\">\n\t\t\t\t\t\t\t\t\t<p style=\"text-align: center;\">Esclarecimento essencial. &#8220;A mediunidade se ressente das imperfei\u00e7\u00f5es do M\u00e9dium&#8221;. Nossas comunica\u00e7\u00f5es n\u00e3o s\u00e3o perfeitas e nem sempre s\u00e3o totalmente claras precisando muitas vezes passar por corre\u00e7\u00f5es e ajustes, pois nossos M\u00e9diuns est\u00e3o em desenvolvimento e n\u00e3o existe mediunidade perfeita. N\u00e3o as compartilhamos como verdades absolutas, mas como um artigo de f\u00e9 do nosso grupo com o objetivo de consolar, e como um material de estudo sobre o ensino dos <em>esp\u00edritos.<\/em> Pedimos que julguem sim, mas com bondade no julgar.<\/p>\t\t\t\t\t\t\t\t<\/div>\n\t\t\t\t<\/div>\n\t\t\t\t<\/div>\n\t\t\t\t\t<\/div>\n\t\t\t\t<\/div>\n\t\t\t\t<\/div>\n\t\t","protected":false},"excerpt":{"rendered":"<p>&#8230;Quem tenta negar os pr\u00f3prios crimes caminha para a pr\u00f3pria destrui\u00e7\u00e3o&#8230;.<\/p>\n","protected":false},"author":1,"featured_media":2943,"comment_status":"open","ping_status":"open","sticky":false,"template":"","format":"standard","meta":{"footnotes":""},"categories":[9],"tags":[],"class_list":["post-2936","post","type-post","status-publish","format-standard","has-post-thumbnail","hentry","category-psgf"],"_links":{"self":[{"href":"https:\/\/aprendizes.org\/index.php?rest_route=\/wp\/v2\/posts\/2936","targetHints":{"allow":["GET"]}}],"collection":[{"href":"https:\/\/aprendizes.org\/index.php?rest_route=\/wp\/v2\/posts"}],"about":[{"href":"https:\/\/aprendizes.org\/index.php?rest_route=\/wp\/v2\/types\/post"}],"author":[{"embeddable":true,"href":"https:\/\/aprendizes.org\/index.php?rest_route=\/wp\/v2\/users\/1"}],"replies":[{"embeddable":true,"href":"https:\/\/aprendizes.org\/index.php?rest_route=%2Fwp%2Fv2%2Fcomments&post=2936"}],"version-history":[{"count":19,"href":"https:\/\/aprendizes.org\/index.php?rest_route=\/wp\/v2\/posts\/2936\/revisions"}],"predecessor-version":[{"id":3095,"href":"https:\/\/aprendizes.org\/index.php?rest_route=\/wp\/v2\/posts\/2936\/revisions\/3095"}],"wp:featuredmedia":[{"embeddable":true,"href":"https:\/\/aprendizes.org\/index.php?rest_route=\/wp\/v2\/media\/2943"}],"wp:attachment":[{"href":"https:\/\/aprendizes.org\/index.php?rest_route=%2Fwp%2Fv2%2Fmedia&parent=2936"}],"wp:term":[{"taxonomy":"category","embeddable":true,"href":"https:\/\/aprendizes.org\/index.php?rest_route=%2Fwp%2Fv2%2Fcategories&post=2936"},{"taxonomy":"post_tag","embeddable":true,"href":"https:\/\/aprendizes.org\/index.php?rest_route=%2Fwp%2Fv2%2Ftags&post=2936"}],"curies":[{"name":"wp","href":"https:\/\/api.w.org\/{rel}","templated":true}]}}